{"id":24276,"date":"2023-07-20T08:01:17","date_gmt":"2023-07-20T07:01:17","guid":{"rendered":"https:\/\/www.argonandco.com\/?p=24276"},"modified":"2023-07-20T08:45:19","modified_gmt":"2023-07-20T07:45:19","slug":"argon-co-nomme-jean-francois-laget-directeur-general-du-groupe","status":"publish","type":"post","link":"https:\/\/www.argonandco.com\/fr\/argon-co-nomme-jean-francois-laget-directeur-general-du-groupe\/","title":{"rendered":"Argon &#038; Co nomme Jean-Fran\u00e7ois Laget Directeur G\u00e9n\u00e9ral du Groupe"},"content":{"rendered":"<p><strong>Paris, le 20 juillet 2023<\/strong><\/p>\n<p>Argon &amp; Co, cabinet de conseil en management, sp\u00e9cialis\u00e9 dans la strat\u00e9gie et la transformation des op\u00e9rations, fait \u00e9voluer sa gouvernance afin d\u2019accompagner sa croissance et annonce la nomination de Jean-Fran\u00e7ois Laget en tant que Directeur G\u00e9n\u00e9ral Groupe.<\/p>\n<p style=\"text-align: left;\">Dipl\u00f4m\u00e9 de Sup\u2019A\u00e9ro et du groupe HEC (MBA), Jean-Fran\u00e7ois a rejoint Argon &amp; Co en 2013 en tant que Partner du bureau de Paris. Pr\u00e9c\u00e9demment responsable du secteur Industrie chez Capgemini Consulting et membre du Comit\u00e9 de Direction France, il a partag\u00e9 son d\u00e9but de carri\u00e8re entre conseil en strat\u00e9gie (CVA, Oliver Wyman) et aventure entrepreneuriale (Hemeria).<img loading=\"lazy\" decoding=\"async\" class=\" wp-image-24291 alignright\" src=\"https:\/\/www.argonandco.com\/wp-content\/uploads\/2023\/07\/JF_global_partner-e1689753004245-300x293.png\" alt=\"\" width=\"300\" height=\"293\" srcset=\"https:\/\/www.argonandco.com\/wp-content\/uploads\/2023\/07\/JF_global_partner-e1689753004245-300x293.png 300w, https:\/\/www.argonandco.com\/wp-content\/uploads\/2023\/07\/JF_global_partner-e1689753004245-1024x1001.png 1024w, https:\/\/www.argonandco.com\/wp-content\/uploads\/2023\/07\/JF_global_partner-e1689753004245-768x750.png 768w, https:\/\/www.argonandco.com\/wp-content\/uploads\/2023\/07\/JF_global_partner-e1689753004245-400x391.png 400w, https:\/\/www.argonandco.com\/wp-content\/uploads\/2023\/07\/JF_global_partner-e1689753004245.png 1092w\" sizes=\"auto, (max-width: 300px) 100vw, 300px\" \/> Avec pr\u00e8s de trente ans d\u2019exp\u00e9rience, Jean-Fran\u00e7ois conduit des projets de transformation et de comp\u00e9titivit\u00e9 de la chaine des op\u00e9rations. Il intervient dans plusieurs secteurs d\u2019activit\u00e9 aussi bien en France qu\u2019\u00e0 l\u2019international\u00a0: A\u00e9ronautique &amp; D\u00e9fense, Ferroviaire, Mat\u00e9riaux, Industrie, Luxe\u2026. Il a fortement contribu\u00e9 \u00e0 l\u2019internationalisation du Groupe avec six acquisitions successives\u00a0parmi lesquelles Crimson &amp; Co, R&amp;G Global Consultants et Pollen Consulting Group, ainsi qu\u2019\u00e0 la mise en place des projets transverses entre les diff\u00e9rents bureaux. Il est membre du Comit\u00e9 Ex\u00e9cutif depuis 2018.<\/p>\n<p>Jean-Fran\u00e7ois Laget indique : \u00ab Je suis tr\u00e8s enthousiaste \u00e0 l\u2019id\u00e9e d\u2019assurer d\u00e9sormais la Direction G\u00e9n\u00e9rale du groupe Argon &amp; Co et remercie pour leur confiance Yvan Salamon ainsi que l\u2019ensemble des Partners. Ces dix derni\u00e8res ann\u00e9es, Argon &amp; Co a connu une tr\u00e8s belle \u00e9volution et est d\u00e9sormais pr\u00e9sent dans 14 pays du monde avec plus de 500 consultants. Je suis tr\u00e8s heureux et fier de pouvoir m\u2019appuyer sur la grande qualit\u00e9 de nos \u00e9quipes pour poursuivre notre d\u00e9veloppement, et ainsi aider nos clients \u00e0 atteindre leurs objectifs strat\u00e9giques et op\u00e9rationnels. \u00bb<\/p>\n<p>Yvan Salamon, CEO du groupe Argon &amp; Co pr\u00e9cise : \u00ab\u00a0Nous avons la chance d\u2019avoir une \u00e9quipe de direction qui poss\u00e8de le talent, l&rsquo;exp\u00e9rience et l&rsquo;esprit d&rsquo;entreprise n\u00e9cessaires \u00e0 la poursuite de notre d\u00e9veloppement. Jean Fran\u00e7ois, avec qui je travaille depuis cinq ans, a le profil id\u00e9al pour diriger le groupe. Son exp\u00e9rience de gestion dans des soci\u00e9t\u00e9s de conseil de diff\u00e9rentes tailles et \u00e0 diff\u00e9rents stades de d\u00e9veloppement, ainsi que son talent pour faire travailler les personnes ensemble, sont des atouts fantastiques pour pr\u00e9parer le futur, consolider la structure de notre groupe et poursuivre notre d\u00e9veloppement. Jean Fran\u00e7ois et moi-m\u00eame continuerons \u00e0 travailler ensemble pour assurer la p\u00e9rennit\u00e9 et l\u2019ind\u00e9pendance d\u2019Argon &amp; Co \u00bb.<\/p>\n<h2><strong>A propos d\u2019 Argon &amp; Co<\/strong><\/h2>\n<p>Argon &amp; Co est un cabinet de conseil en management sp\u00e9cialis\u00e9 dans la strat\u00e9gie et la transformation des op\u00e9rations, \u00e0 dimension internationale. Fort d\u2019une expertise reconnue dans les domaines de la Supply Chain, de la Logistique, du Manufacturing des Achats, de la Finance et des Fonctions Support, Argon &amp; Co accompagne ses clients dans leurs transformations pour atteindre des r\u00e9sultats tangibles et p\u00e9rennes. Ses consultants s\u2019engagent aupr\u00e8s de leurs clients dans une relation de confiance pour relever leurs d\u00e9fis. Les bureaux d\u2019Argon &amp; Co sont bas\u00e9s \u00e0 Paris, Londres, Abou Dhabi, Amsterdam, Atlanta, Auckland, Chicago, D\u00fcsseldorf, Hong Kong, Lausanne, Melbourne, Mumbai, Riyad, Singapour, Sydney et Sao Paulo.<\/p>\n<p><a href=\"http:\/\/www.argonandco.com\">www.argonandco.com<\/a><\/p>\n<h3>Contact Presse<\/h3>\n<p>Johanna Balabane-Dugas<br \/>\nMobile : +33 (0)6 27 39 37 81<br \/>\nEmail : <a href=\"mailto:johanna.balabane-dugas@argonandco.com\">johanna.balabane-dugas@argonandco.com<\/a><\/p>\n<p>&nbsp;<\/p>\n<p><a href=\"https:\/\/www.argonandco.com\/wp-content\/uploads\/2023\/07\/Argon-Co-nomme-Jean-Francois-Laget-Group-Managing-Director-FR.pdf\">T\u00e9l\u00e9chargez notre communiqu\u00e9 de presse ici<\/a><\/p>\n<p>&nbsp;<\/p>\n","protected":false},"excerpt":{"rendered":"<p>Paris, le 20 juillet 2023 Argon &amp; Co, cabinet de conseil en management, sp\u00e9cialis\u00e9 dans la strat\u00e9gie et la transformation des op\u00e9rations, fait \u00e9voluer sa gouvernance afin d\u2019accompagner sa croissance et annonce la nomination de Jean-Fran\u00e7ois Laget en tant que Directeur G\u00e9n\u00e9ral Groupe. Dipl\u00f4m\u00e9 de Sup\u2019A\u00e9ro et du groupe HEC (MBA), Jean-Fran\u00e7ois a rejoint Argon [&hellip;]<\/p>\n","protected":false},"author":1,"featured_media":24294,"comment_status":"closed","ping_status":"closed","sticky":false,"template":"","format":"standard","meta":{"_acf_changed":false,"footnotes":""},"categories":[11],"tags":[],"class_list":["post-24276","post","type-post","status-publish","format-standard","has-post-thumbnail","hentry","category-non-classifiee"],"acf":[],"yoast_head":"<!-- This site is optimized with the Yoast SEO plugin v27.5 - https:\/\/yoast.com\/product\/yoast-seo-wordpress\/ -->\n<title>Argon &amp; Co nomme Jean-Fran\u00e7ois Laget Directeur G\u00e9n\u00e9ral du Groupe - Argon &amp; Co<\/title>\n<meta name=\"robots\" content=\"index, follow, max-snippet:-1, max-image-preview:large, max-video-preview:-1\" \/>\n<link rel=\"canonical\" href=\"https:\/\/www.argonandco.com\/fr\/argon-co-nomme-jean-francois-laget-directeur-general-du-groupe\/\" \/>\n<meta property=\"og:locale\" content=\"fr_FR\" \/>\n<meta property=\"og:type\" content=\"article\" \/>\n<meta property=\"og:title\" content=\"Argon &amp; Co nomme Jean-Fran\u00e7ois Laget Directeur G\u00e9n\u00e9ral du Groupe - Argon &amp; Co\" \/>\n<meta property=\"og:description\" content=\"Paris, le 20 juillet 2023 Argon &amp; Co, cabinet de conseil en management, sp\u00e9cialis\u00e9 dans la strat\u00e9gie et la transformation des op\u00e9rations, fait \u00e9voluer sa gouvernance afin d\u2019accompagner sa croissance et annonce la nomination de Jean-Fran\u00e7ois Laget en tant que Directeur G\u00e9n\u00e9ral Groupe. Dipl\u00f4m\u00e9 de Sup\u2019A\u00e9ro et du groupe HEC (MBA), Jean-Fran\u00e7ois a rejoint Argon [&hellip;]\" \/>\n<meta property=\"og:url\" content=\"https:\/\/www.argonandco.com\/fr\/argon-co-nomme-jean-francois-laget-directeur-general-du-groupe\/\" \/>\n<meta property=\"og:site_name\" content=\"Argon &amp; Co\" \/>\n<meta property=\"article:published_time\" content=\"2023-07-20T07:01:17+00:00\" \/>\n<meta property=\"article:modified_time\" content=\"2023-07-20T07:45:19+00:00\" \/>\n<meta property=\"og:image\" content=\"https:\/\/www.argonandco.com\/wp-content\/uploads\/2023\/07\/argon_and_co_Announcment_global_partner-scaled.jpg\" \/>\n\t<meta property=\"og:image:width\" content=\"2560\" \/>\n\t<meta property=\"og:image:height\" content=\"1707\" \/>\n\t<meta property=\"og:image:type\" content=\"image\/jpeg\" \/>\n<meta name=\"author\" content=\"admin@twk\" \/>\n<meta name=\"twitter:card\" content=\"summary_large_image\" \/>\n<meta name=\"twitter:label1\" content=\"\u00c9crit par\" \/>\n\t<meta name=\"twitter:data1\" content=\"admin@twk\" \/>\n\t<meta name=\"twitter:label2\" content=\"Dur\u00e9e de lecture estim\u00e9e\" \/>\n\t<meta name=\"twitter:data2\" content=\"3 minutes\" \/>\n<script type=\"application\/ld+json\" class=\"yoast-schema-graph\">{\"@context\":\"https:\\\/\\\/schema.org\",\"@graph\":[{\"@type\":\"Article\",\"@id\":\"https:\\\/\\\/www.argonandco.com\\\/fr\\\/argon-co-nomme-jean-francois-laget-directeur-general-du-groupe\\\/#article\",\"isPartOf\":{\"@id\":\"https:\\\/\\\/www.argonandco.com\\\/fr\\\/argon-co-nomme-jean-francois-laget-directeur-general-du-groupe\\\/\"},\"author\":{\"name\":\"admin@twk\",\"@id\":\"https:\\\/\\\/www.argonandco.com\\\/fr\\\/#\\\/schema\\\/person\\\/51f44816b169b6dd143f304af1725b6b\"},\"headline\":\"Argon &#038; Co nomme Jean-Fran\u00e7ois Laget Directeur G\u00e9n\u00e9ral du Groupe\",\"datePublished\":\"2023-07-20T07:01:17+00:00\",\"dateModified\":\"2023-07-20T07:45:19+00:00\",\"mainEntityOfPage\":{\"@id\":\"https:\\\/\\\/www.argonandco.com\\\/fr\\\/argon-co-nomme-jean-francois-laget-directeur-general-du-groupe\\\/\"},\"wordCount\":609,\"image\":{\"@id\":\"https:\\\/\\\/www.argonandco.com\\\/fr\\\/argon-co-nomme-jean-francois-laget-directeur-general-du-groupe\\\/#primaryimage\"},\"thumbnailUrl\":\"https:\\\/\\\/www.argonandco.com\\\/wp-content\\\/uploads\\\/2023\\\/07\\\/argon_and_co_Announcment_global_partner-scaled.jpg\",\"articleSection\":[\"Non classifi\u00e9(e)\"],\"inLanguage\":\"fr-FR\"},{\"@type\":\"WebPage\",\"@id\":\"https:\\\/\\\/www.argonandco.com\\\/fr\\\/argon-co-nomme-jean-francois-laget-directeur-general-du-groupe\\\/\",\"url\":\"https:\\\/\\\/www.argonandco.com\\\/fr\\\/argon-co-nomme-jean-francois-laget-directeur-general-du-groupe\\\/\",\"name\":\"Argon & Co nomme Jean-Fran\u00e7ois Laget Directeur G\u00e9n\u00e9ral du Groupe - Argon &amp; Co\",\"isPartOf\":{\"@id\":\"https:\\\/\\\/www.argonandco.com\\\/fr\\\/#website\"},\"primaryImageOfPage\":{\"@id\":\"https:\\\/\\\/www.argonandco.com\\\/fr\\\/argon-co-nomme-jean-francois-laget-directeur-general-du-groupe\\\/#primaryimage\"},\"image\":{\"@id\":\"https:\\\/\\\/www.argonandco.com\\\/fr\\\/argon-co-nomme-jean-francois-laget-directeur-general-du-groupe\\\/#primaryimage\"},\"thumbnailUrl\":\"https:\\\/\\\/www.argonandco.com\\\/wp-content\\\/uploads\\\/2023\\\/07\\\/argon_and_co_Announcment_global_partner-scaled.jpg\",\"datePublished\":\"2023-07-20T07:01:17+00:00\",\"dateModified\":\"2023-07-20T07:45:19+00:00\",\"author\":{\"@id\":\"https:\\\/\\\/www.argonandco.com\\\/fr\\\/#\\\/schema\\\/person\\\/51f44816b169b6dd143f304af1725b6b\"},\"breadcrumb\":{\"@id\":\"https:\\\/\\\/www.argonandco.com\\\/fr\\\/argon-co-nomme-jean-francois-laget-directeur-general-du-groupe\\\/#breadcrumb\"},\"inLanguage\":\"fr-FR\",\"potentialAction\":[{\"@type\":\"ReadAction\",\"target\":[\"https:\\\/\\\/www.argonandco.com\\\/fr\\\/argon-co-nomme-jean-francois-laget-directeur-general-du-groupe\\\/\"]}]},{\"@type\":\"ImageObject\",\"inLanguage\":\"fr-FR\",\"@id\":\"https:\\\/\\\/www.argonandco.com\\\/fr\\\/argon-co-nomme-jean-francois-laget-directeur-general-du-groupe\\\/#primaryimage\",\"url\":\"https:\\\/\\\/www.argonandco.com\\\/wp-content\\\/uploads\\\/2023\\\/07\\\/argon_and_co_Announcment_global_partner-scaled.jpg\",\"contentUrl\":\"https:\\\/\\\/www.argonandco.com\\\/wp-content\\\/uploads\\\/2023\\\/07\\\/argon_and_co_Announcment_global_partner-scaled.jpg\",\"width\":2560,\"height\":1707,\"caption\":\"International business partnership and connection concept on map, mixed media\"},{\"@type\":\"BreadcrumbList\",\"@id\":\"https:\\\/\\\/www.argonandco.com\\\/fr\\\/argon-co-nomme-jean-francois-laget-directeur-general-du-groupe\\\/#breadcrumb\",\"itemListElement\":[{\"@type\":\"ListItem\",\"position\":1,\"name\":\"Home\",\"item\":\"https:\\\/\\\/www.argonandco.com\\\/fr\\\/\"},{\"@type\":\"ListItem\",\"position\":2,\"name\":\"Argon &#038; Co nomme Jean-Fran\u00e7ois Laget Directeur G\u00e9n\u00e9ral du Groupe\"}]},{\"@type\":\"WebSite\",\"@id\":\"https:\\\/\\\/www.argonandco.com\\\/fr\\\/#website\",\"url\":\"https:\\\/\\\/www.argonandco.com\\\/fr\\\/\",\"name\":\"Argon &amp; Co\",\"description\":\"We help clients achieve their strategic and operational objectives, working together to transform their businesses and generate real change.\",\"potentialAction\":[{\"@type\":\"SearchAction\",\"target\":{\"@type\":\"EntryPoint\",\"urlTemplate\":\"https:\\\/\\\/www.argonandco.com\\\/fr\\\/?s={search_term_string}\"},\"query-input\":{\"@type\":\"PropertyValueSpecification\",\"valueRequired\":true,\"valueName\":\"search_term_string\"}}],\"inLanguage\":\"fr-FR\"},{\"@type\":\"Person\",\"@id\":\"https:\\\/\\\/www.argonandco.com\\\/fr\\\/#\\\/schema\\\/person\\\/51f44816b169b6dd143f304af1725b6b\",\"name\":\"admin@twk\",\"image\":{\"@type\":\"ImageObject\",\"inLanguage\":\"fr-FR\",\"@id\":\"https:\\\/\\\/secure.gravatar.com\\\/avatar\\\/f42fd03c07ce4b955753a41d55005389144e8980541439c9f9ae5ce7fb04219b?s=96&d=mm&r=g\",\"url\":\"https:\\\/\\\/secure.gravatar.com\\\/avatar\\\/f42fd03c07ce4b955753a41d55005389144e8980541439c9f9ae5ce7fb04219b?s=96&d=mm&r=g\",\"contentUrl\":\"https:\\\/\\\/secure.gravatar.com\\\/avatar\\\/f42fd03c07ce4b955753a41d55005389144e8980541439c9f9ae5ce7fb04219b?s=96&d=mm&r=g\",\"caption\":\"admin@twk\"}}]}<\/script>\n<!-- \/ Yoast SEO plugin. -->","yoast_head_json":{"title":"Argon & Co nomme Jean-Fran\u00e7ois Laget Directeur G\u00e9n\u00e9ral du Groupe - Argon &amp; Co","robots":{"index":"index","follow":"follow","max-snippet":"max-snippet:-1","max-image-preview":"max-image-preview:large","max-video-preview":"max-video-preview:-1"},"canonical":"https:\/\/www.argonandco.com\/fr\/argon-co-nomme-jean-francois-laget-directeur-general-du-groupe\/","og_locale":"fr_FR","og_type":"article","og_title":"Argon & Co nomme Jean-Fran\u00e7ois Laget Directeur G\u00e9n\u00e9ral du Groupe - Argon &amp; Co","og_description":"Paris, le 20 juillet 2023 Argon &amp; Co, cabinet de conseil en management, sp\u00e9cialis\u00e9 dans la strat\u00e9gie et la transformation des op\u00e9rations, fait \u00e9voluer sa gouvernance afin d\u2019accompagner sa croissance et annonce la nomination de Jean-Fran\u00e7ois Laget en tant que Directeur G\u00e9n\u00e9ral Groupe. Dipl\u00f4m\u00e9 de Sup\u2019A\u00e9ro et du groupe HEC (MBA), Jean-Fran\u00e7ois a rejoint Argon [&hellip;]","og_url":"https:\/\/www.argonandco.com\/fr\/argon-co-nomme-jean-francois-laget-directeur-general-du-groupe\/","og_site_name":"Argon &amp; Co","article_published_time":"2023-07-20T07:01:17+00:00","article_modified_time":"2023-07-20T07:45:19+00:00","og_image":[{"width":2560,"height":1707,"url":"https:\/\/www.argonandco.com\/wp-content\/uploads\/2023\/07\/argon_and_co_Announcment_global_partner-scaled.jpg","type":"image\/jpeg"}],"author":"admin@twk","twitter_card":"summary_large_image","twitter_misc":{"\u00c9crit par":"admin@twk","Dur\u00e9e de lecture estim\u00e9e":"3 minutes"},"schema":{"@context":"https:\/\/schema.org","@graph":[{"@type":"Article","@id":"https:\/\/www.argonandco.com\/fr\/argon-co-nomme-jean-francois-laget-directeur-general-du-groupe\/#article","isPartOf":{"@id":"https:\/\/www.argonandco.com\/fr\/argon-co-nomme-jean-francois-laget-directeur-general-du-groupe\/"},"author":{"name":"admin@twk","@id":"https:\/\/www.argonandco.com\/fr\/#\/schema\/person\/51f44816b169b6dd143f304af1725b6b"},"headline":"Argon &#038; Co nomme Jean-Fran\u00e7ois Laget Directeur G\u00e9n\u00e9ral du Groupe","datePublished":"2023-07-20T07:01:17+00:00","dateModified":"2023-07-20T07:45:19+00:00","mainEntityOfPage":{"@id":"https:\/\/www.argonandco.com\/fr\/argon-co-nomme-jean-francois-laget-directeur-general-du-groupe\/"},"wordCount":609,"image":{"@id":"https:\/\/www.argonandco.com\/fr\/argon-co-nomme-jean-francois-laget-directeur-general-du-groupe\/#primaryimage"},"thumbnailUrl":"https:\/\/www.argonandco.com\/wp-content\/uploads\/2023\/07\/argon_and_co_Announcment_global_partner-scaled.jpg","articleSection":["Non classifi\u00e9(e)"],"inLanguage":"fr-FR"},{"@type":"WebPage","@id":"https:\/\/www.argonandco.com\/fr\/argon-co-nomme-jean-francois-laget-directeur-general-du-groupe\/","url":"https:\/\/www.argonandco.com\/fr\/argon-co-nomme-jean-francois-laget-directeur-general-du-groupe\/","name":"Argon & Co nomme Jean-Fran\u00e7ois Laget Directeur G\u00e9n\u00e9ral du Groupe - Argon &amp; Co","isPartOf":{"@id":"https:\/\/www.argonandco.com\/fr\/#website"},"primaryImageOfPage":{"@id":"https:\/\/www.argonandco.com\/fr\/argon-co-nomme-jean-francois-laget-directeur-general-du-groupe\/#primaryimage"},"image":{"@id":"https:\/\/www.argonandco.com\/fr\/argon-co-nomme-jean-francois-laget-directeur-general-du-groupe\/#primaryimage"},"thumbnailUrl":"https:\/\/www.argonandco.com\/wp-content\/uploads\/2023\/07\/argon_and_co_Announcment_global_partner-scaled.jpg","datePublished":"2023-07-20T07:01:17+00:00","dateModified":"2023-07-20T07:45:19+00:00","author":{"@id":"https:\/\/www.argonandco.com\/fr\/#\/schema\/person\/51f44816b169b6dd143f304af1725b6b"},"breadcrumb":{"@id":"https:\/\/www.argonandco.com\/fr\/argon-co-nomme-jean-francois-laget-directeur-general-du-groupe\/#breadcrumb"},"inLanguage":"fr-FR","potentialAction":[{"@type":"ReadAction","target":["https:\/\/www.argonandco.com\/fr\/argon-co-nomme-jean-francois-laget-directeur-general-du-groupe\/"]}]},{"@type":"ImageObject","inLanguage":"fr-FR","@id":"https:\/\/www.argonandco.com\/fr\/argon-co-nomme-jean-francois-laget-directeur-general-du-groupe\/#primaryimage","url":"https:\/\/www.argonandco.com\/wp-content\/uploads\/2023\/07\/argon_and_co_Announcment_global_partner-scaled.jpg","contentUrl":"https:\/\/www.argonandco.com\/wp-content\/uploads\/2023\/07\/argon_and_co_Announcment_global_partner-scaled.jpg","width":2560,"height":1707,"caption":"International business partnership and connection concept on map, mixed media"},{"@type":"BreadcrumbList","@id":"https:\/\/www.argonandco.com\/fr\/argon-co-nomme-jean-francois-laget-directeur-general-du-groupe\/#breadcrumb","itemListElement":[{"@type":"ListItem","position":1,"name":"Home","item":"https:\/\/www.argonandco.com\/fr\/"},{"@type":"ListItem","position":2,"name":"Argon &#038; Co nomme Jean-Fran\u00e7ois Laget Directeur G\u00e9n\u00e9ral du Groupe"}]},{"@type":"WebSite","@id":"https:\/\/www.argonandco.com\/fr\/#website","url":"https:\/\/www.argonandco.com\/fr\/","name":"Argon &amp; Co","description":"We help clients achieve their strategic and operational objectives, working together to transform their businesses and generate real change.","potentialAction":[{"@type":"SearchAction","target":{"@type":"EntryPoint","urlTemplate":"https:\/\/www.argonandco.com\/fr\/?s={search_term_string}"},"query-input":{"@type":"PropertyValueSpecification","valueRequired":true,"valueName":"search_term_string"}}],"inLanguage":"fr-FR"},{"@type":"Person","@id":"https:\/\/www.argonandco.com\/fr\/#\/schema\/person\/51f44816b169b6dd143f304af1725b6b","name":"admin@twk","image":{"@type":"ImageObject","inLanguage":"fr-FR","@id":"https:\/\/secure.gravatar.com\/avatar\/f42fd03c07ce4b955753a41d55005389144e8980541439c9f9ae5ce7fb04219b?s=96&d=mm&r=g","url":"https:\/\/secure.gravatar.com\/avatar\/f42fd03c07ce4b955753a41d55005389144e8980541439c9f9ae5ce7fb04219b?s=96&d=mm&r=g","contentUrl":"https:\/\/secure.gravatar.com\/avatar\/f42fd03c07ce4b955753a41d55005389144e8980541439c9f9ae5ce7fb04219b?s=96&d=mm&r=g","caption":"admin@twk"}}]}},"_links":{"self":[{"href":"https:\/\/www.argonandco.com\/fr\/wp-json\/wp\/v2\/posts\/24276","targetHints":{"allow":["GET"]}}],"collection":[{"href":"https:\/\/www.argonandco.com\/fr\/wp-json\/wp\/v2\/posts"}],"about":[{"href":"https:\/\/www.argonandco.com\/fr\/wp-json\/wp\/v2\/types\/post"}],"author":[{"embeddable":true,"href":"https:\/\/www.argonandco.com\/fr\/wp-json\/wp\/v2\/users\/1"}],"replies":[{"embeddable":true,"href":"https:\/\/www.argonandco.com\/fr\/wp-json\/wp\/v2\/comments?post=24276"}],"version-history":[{"count":0,"href":"https:\/\/www.argonandco.com\/fr\/wp-json\/wp\/v2\/posts\/24276\/revisions"}],"wp:featuredmedia":[{"embeddable":true,"href":"https:\/\/www.argonandco.com\/fr\/wp-json\/wp\/v2\/media\/24294"}],"wp:attachment":[{"href":"https:\/\/www.argonandco.com\/fr\/wp-json\/wp\/v2\/media?parent=24276"}],"wp:term":[{"taxonomy":"category","embeddable":true,"href":"https:\/\/www.argonandco.com\/fr\/wp-json\/wp\/v2\/categories?post=24276"},{"taxonomy":"post_tag","embeddable":true,"href":"https:\/\/www.argonandco.com\/fr\/wp-json\/wp\/v2\/tags?post=24276"}],"curies":[{"name":"wp","href":"https:\/\/api.w.org\/{rel}","templated":true}]}}