{"id":23040,"date":"2023-02-21T13:17:35","date_gmt":"2023-02-21T13:17:35","guid":{"rendered":"https:\/\/www.argonandco.com\/?p=23040"},"modified":"2023-02-24T14:33:42","modified_gmt":"2023-02-24T14:33:42","slug":"christophe-durcudoy-est-nomme-directeur-general-du-bureau-francais-du-cabinet-argon-co","status":"publish","type":"post","link":"https:\/\/www.argonandco.com\/fr\/christophe-durcudoy-est-nomme-directeur-general-du-bureau-francais-du-cabinet-argon-co\/","title":{"rendered":"Christophe Durcudoy est nomm\u00e9 Directeur G\u00e9n\u00e9ral du bureau fran\u00e7ais du cabinet Argon &#038; Co"},"content":{"rendered":"<p><strong>Paris, le 24 F\u00e9vrier 2023<\/strong><\/p>\n<p>Argon &amp; Co, cabinet de conseil en management sp\u00e9cialis\u00e9 dans la strat\u00e9gie et la transformation des op\u00e9rations, fait \u00e9voluer sa gouvernance et annonce la nomination de <a href=\"https:\/\/www.linkedin.com\/in\/christophe-durcudoy-8031341\/\">Christophe Durcudoy<\/a> en tant que Directeur G\u00e9n\u00e9ral France, en remplacement de <a href=\"https:\/\/www.linkedin.com\/in\/fabrice-bonneau-3ab3684\/\">Fabrice Bonneau<\/a>.<\/p>\n<p>Dipl\u00f4m\u00e9 d\u2019HEC, <a href=\"https:\/\/www.linkedin.com\/in\/christophe-durcudoy-8031341\/\">Christophe Durcudoy<\/a> a rejoint Argon &amp; Co en 2013 en tant que Partner du bureau de Paris. Avec plus de 20 ann\u00e9es d\u2019exp\u00e9rience, Christophe pilote des projets de transformation et de comp\u00e9titivit\u00e9 dans les environnements complexes (retournement, restructuration, pr\u00e9paration de fusion, int\u00e9gration) et ce dans de nombreux secteurs d\u2019activit\u00e9 tels que l\u2019Aerospace, la D\u00e9fense, l\u2019Industrie, la grande consommation, la Distribution et le Luxe.<\/p>\n<p>Cette nouvelle nomination est le point de d\u00e9part de la mise en place de l\u2019\u00e9quipe de Management du bureau de Paris qui va continuer de promouvoir le style et les valeurs d\u2019entreprise et ainsi p\u00e9renniser le succ\u00e8s d\u2019Argon &amp; Co en France.<\/p>\n<p><a href=\"https:\/\/www.linkedin.com\/in\/fabrice-bonneau-3ab3684\/\">Fabrice Bonneau<\/a>, Directeur G\u00e9n\u00e9ral depuis 2010, aura pour mission de promouvoir l\u2019innovation des offres de service du cabinet dans le domaine du Digital et de la transition environnementale appliqu\u00e9s aux Op\u00e9rations. Il continuera \u00e9galement \u00e0 accompagner les jeunes Partners dans leur d\u00e9veloppement.<\/p>\n<p>Fabrice indique : \u00ab\u00a0En s\u2019appuyant sur sa capacit\u00e9 \u00e0 anticiper les attentes de ses clients, Argon &amp; Co a \u00e9largi sa palette d\u2019offres durant les dix derni\u00e8res ann\u00e9es et couvre \u00e0 pr\u00e9sent toute la cha\u00eene de valeur, de la Finance aux achats en passant par la Supply Chain, la logistique, le Manufacturing et la conception produit. Le cabinet a, en parall\u00e8le, su d\u00e9velopper l\u2019\u00e9quipe mixte de Data Scientists et d\u2019experts m\u00e9tier IRIS by Argon &amp; Co pour mettre la Data au centre de l\u2019am\u00e9lioration de l\u2019excellence op\u00e9rationnelle. Il a \u00e9galement cr\u00e9\u00e9 une \u00e9quipe d\u2019experts en d\u00e9veloppement durable appliqu\u00e9 aux op\u00e9rations. Avec l\u2019accroissement du nombre d\u2019associ\u00e9s, il nous a sembl\u00e9 important d\u2019organiser le management du bureau Argon &amp; Co France pour que les associ\u00e9s plus jeunes p\u00e9rennisent cette dynamique. J\u2019ai pleinement confiance dans Christophe et cette \u00e9quipe, qui ont d\u00e9j\u00e0 pris la direction du bureau\u00a0\u00bb.<\/p>\n<p>Christophe Durcudoy ajoute \u00ab\u00a0Nous avons un vivier de talents unique chez Argon &amp; Co. C\u2019est un honneur que de diriger en France ce collectif. Notre feuille de route est claire : rester leader du conseil en transformation des op\u00e9rations et continuer d\u2019\u00e9largir nos offres et nous d\u00e9velopper \u00e0 l\u2019international. Nous devons investir dans les talents et intensifier ce que nous avons initi\u00e9 avec succ\u00e8s dans le domaine du digital avec la cr\u00e9ation de notre \u00e9quipe IRIS by Argon &amp; Co et dans nos expertises de transformation durable des Op\u00e9rations\u00a0\u00bb.<\/p>\n<p>Yvan Salamon, CEO d\u2019Argon &amp; Co, indique : \u00ab\u00a0La France repr\u00e9sente environ la moiti\u00e9 de l\u2019activit\u00e9 du Groupe et elle reste un tr\u00e8s fort levier de croissance. Cette transition de notre Gouvernance en France marque une nouvelle \u00e9tape pour maintenir notre ind\u00e9pendance et nos ambitions\u00a0\u00bb.<\/p>\n<h3><\/h3>\n<h3>\u00c0 propos d\u2019Argon &amp; Co<\/h3>\n<p>Argon &amp; Co est un cabinet de conseil en management sp\u00e9cialis\u00e9 dans la strat\u00e9gie et la transformation des op\u00e9rations, \u00e0 dimension internationale.<\/p>\n<p>Fort d\u2019une expertise reconnue dans les domaines de la Supply Chain, des Achats, de la Finance et des Fonctions Support, Argon &amp; Co accompagne ses clients dans leurs transformations pour atteindre des r\u00e9sultats tangibles et p\u00e9rennes. Ses consultants s\u2019engagent aupr\u00e8s de leurs clients dans une relation de confiance pour relever leurs d\u00e9fis.<\/p>\n<p>Les bureaux d\u2019Argon &amp; Co sont bas\u00e9s \u00e0 Paris, Londres, Abou Dhabi, Amsterdam, Atlanta, Auckland, Chicago, D\u00fcsseldorf, Hong Kong, Lausanne, Melbourne, Mumbai, Riyad, Sao Paulo, Singapour et Sydney.<\/p>\n<p><a href=\"https:\/\/www.argonandco.com\">www.argonandco.com<\/a><\/p>\n<p><a href=\"https:\/\/www.argonandco.com\/wp-content\/uploads\/2023\/02\/Argon_and_Co_Press_Release_C_Durcudoy.pdf\"><strong>T\u00e9l\u00e9chargez ce communiqu\u00e9 de presse en pdf<\/strong><\/a><\/p>\n<p><strong>Contact Presse <\/strong><\/p>\n<p>Johanna Balabane-Dugas<\/p>\n<p>Email : johanna.balabane-dugas@argonandco.com<\/p>\n<p>Tel : +33 (0)6 27 39 37 81<\/p>\n","protected":false},"excerpt":{"rendered":"<p>Paris, le 24 F\u00e9vrier 2023 Argon &amp; Co, cabinet de conseil en management sp\u00e9cialis\u00e9 dans la strat\u00e9gie et la transformation des op\u00e9rations, fait \u00e9voluer sa gouvernance et annonce la nomination de Christophe Durcudoy en tant que Directeur G\u00e9n\u00e9ral France, en remplacement de Fabrice Bonneau. Dipl\u00f4m\u00e9 d\u2019HEC, Christophe Durcudoy a rejoint Argon &amp; Co en 2013 [&hellip;]<\/p>\n","protected":false},"author":1,"featured_media":23052,"comment_status":"closed","ping_status":"closed","sticky":false,"template":"","format":"standard","meta":{"_acf_changed":false,"footnotes":""},"categories":[11],"tags":[],"class_list":["post-23040","post","type-post","status-publish","format-standard","has-post-thumbnail","hentry","category-non-classifiee"],"acf":[],"yoast_head":"<!-- This site is optimized with the Yoast SEO plugin v27.4 - https:\/\/yoast.com\/product\/yoast-seo-wordpress\/ -->\n<title>Christophe Durcudoy est nomm\u00e9 Directeur G\u00e9n\u00e9ral du bureau fran\u00e7ais du cabinet Argon &amp; Co - Argon &amp; Co<\/title>\n<meta name=\"robots\" content=\"index, follow, max-snippet:-1, max-image-preview:large, max-video-preview:-1\" \/>\n<link rel=\"canonical\" href=\"https:\/\/www.argonandco.com\/fr\/christophe-durcudoy-est-nomme-directeur-general-du-bureau-francais-du-cabinet-argon-co\/\" \/>\n<meta property=\"og:locale\" content=\"fr_FR\" \/>\n<meta property=\"og:type\" content=\"article\" \/>\n<meta property=\"og:title\" content=\"Christophe Durcudoy est nomm\u00e9 Directeur G\u00e9n\u00e9ral du bureau fran\u00e7ais du cabinet Argon &amp; Co - Argon &amp; Co\" \/>\n<meta property=\"og:description\" content=\"Paris, le 24 F\u00e9vrier 2023 Argon &amp; Co, cabinet de conseil en management sp\u00e9cialis\u00e9 dans la strat\u00e9gie et la transformation des op\u00e9rations, fait \u00e9voluer sa gouvernance et annonce la nomination de Christophe Durcudoy en tant que Directeur G\u00e9n\u00e9ral France, en remplacement de Fabrice Bonneau. Dipl\u00f4m\u00e9 d\u2019HEC, Christophe Durcudoy a rejoint Argon &amp; Co en 2013 [&hellip;]\" \/>\n<meta property=\"og:url\" content=\"https:\/\/www.argonandco.com\/fr\/christophe-durcudoy-est-nomme-directeur-general-du-bureau-francais-du-cabinet-argon-co\/\" \/>\n<meta property=\"og:site_name\" content=\"Argon &amp; Co\" \/>\n<meta property=\"article:published_time\" content=\"2023-02-21T13:17:35+00:00\" \/>\n<meta property=\"article:modified_time\" content=\"2023-02-24T14:33:42+00:00\" \/>\n<meta property=\"og:image\" content=\"https:\/\/www.argonandco.com\/wp-content\/uploads\/2023\/02\/argon_and_co_press_release_C_Durcudoy.png\" \/>\n\t<meta property=\"og:image:width\" content=\"2320\" \/>\n\t<meta property=\"og:image:height\" content=\"1160\" \/>\n\t<meta property=\"og:image:type\" content=\"image\/png\" \/>\n<meta name=\"author\" content=\"admin@twk\" \/>\n<meta name=\"twitter:card\" content=\"summary_large_image\" \/>\n<meta name=\"twitter:label1\" content=\"\u00c9crit par\" \/>\n\t<meta name=\"twitter:data1\" content=\"admin@twk\" \/>\n\t<meta name=\"twitter:label2\" content=\"Dur\u00e9e de lecture estim\u00e9e\" \/>\n\t<meta name=\"twitter:data2\" content=\"3 minutes\" \/>\n<script type=\"application\/ld+json\" class=\"yoast-schema-graph\">{\"@context\":\"https:\\\/\\\/schema.org\",\"@graph\":[{\"@type\":\"Article\",\"@id\":\"https:\\\/\\\/www.argonandco.com\\\/fr\\\/christophe-durcudoy-est-nomme-directeur-general-du-bureau-francais-du-cabinet-argon-co\\\/#article\",\"isPartOf\":{\"@id\":\"https:\\\/\\\/www.argonandco.com\\\/fr\\\/christophe-durcudoy-est-nomme-directeur-general-du-bureau-francais-du-cabinet-argon-co\\\/\"},\"author\":{\"name\":\"admin@twk\",\"@id\":\"https:\\\/\\\/www.argonandco.com\\\/fr\\\/#\\\/schema\\\/person\\\/51f44816b169b6dd143f304af1725b6b\"},\"headline\":\"Christophe Durcudoy est nomm\u00e9 Directeur G\u00e9n\u00e9ral du bureau fran\u00e7ais du cabinet Argon &#038; Co\",\"datePublished\":\"2023-02-21T13:17:35+00:00\",\"dateModified\":\"2023-02-24T14:33:42+00:00\",\"mainEntityOfPage\":{\"@id\":\"https:\\\/\\\/www.argonandco.com\\\/fr\\\/christophe-durcudoy-est-nomme-directeur-general-du-bureau-francais-du-cabinet-argon-co\\\/\"},\"wordCount\":683,\"image\":{\"@id\":\"https:\\\/\\\/www.argonandco.com\\\/fr\\\/christophe-durcudoy-est-nomme-directeur-general-du-bureau-francais-du-cabinet-argon-co\\\/#primaryimage\"},\"thumbnailUrl\":\"https:\\\/\\\/www.argonandco.com\\\/wp-content\\\/uploads\\\/2023\\\/02\\\/argon_and_co_press_release_C_Durcudoy.png\",\"articleSection\":[\"Non classifi\u00e9(e)\"],\"inLanguage\":\"fr-FR\"},{\"@type\":\"WebPage\",\"@id\":\"https:\\\/\\\/www.argonandco.com\\\/fr\\\/christophe-durcudoy-est-nomme-directeur-general-du-bureau-francais-du-cabinet-argon-co\\\/\",\"url\":\"https:\\\/\\\/www.argonandco.com\\\/fr\\\/christophe-durcudoy-est-nomme-directeur-general-du-bureau-francais-du-cabinet-argon-co\\\/\",\"name\":\"Christophe Durcudoy est nomm\u00e9 Directeur G\u00e9n\u00e9ral du bureau fran\u00e7ais du cabinet Argon & Co - Argon &amp; Co\",\"isPartOf\":{\"@id\":\"https:\\\/\\\/www.argonandco.com\\\/fr\\\/#website\"},\"primaryImageOfPage\":{\"@id\":\"https:\\\/\\\/www.argonandco.com\\\/fr\\\/christophe-durcudoy-est-nomme-directeur-general-du-bureau-francais-du-cabinet-argon-co\\\/#primaryimage\"},\"image\":{\"@id\":\"https:\\\/\\\/www.argonandco.com\\\/fr\\\/christophe-durcudoy-est-nomme-directeur-general-du-bureau-francais-du-cabinet-argon-co\\\/#primaryimage\"},\"thumbnailUrl\":\"https:\\\/\\\/www.argonandco.com\\\/wp-content\\\/uploads\\\/2023\\\/02\\\/argon_and_co_press_release_C_Durcudoy.png\",\"datePublished\":\"2023-02-21T13:17:35+00:00\",\"dateModified\":\"2023-02-24T14:33:42+00:00\",\"author\":{\"@id\":\"https:\\\/\\\/www.argonandco.com\\\/fr\\\/#\\\/schema\\\/person\\\/51f44816b169b6dd143f304af1725b6b\"},\"breadcrumb\":{\"@id\":\"https:\\\/\\\/www.argonandco.com\\\/fr\\\/christophe-durcudoy-est-nomme-directeur-general-du-bureau-francais-du-cabinet-argon-co\\\/#breadcrumb\"},\"inLanguage\":\"fr-FR\",\"potentialAction\":[{\"@type\":\"ReadAction\",\"target\":[\"https:\\\/\\\/www.argonandco.com\\\/fr\\\/christophe-durcudoy-est-nomme-directeur-general-du-bureau-francais-du-cabinet-argon-co\\\/\"]}]},{\"@type\":\"ImageObject\",\"inLanguage\":\"fr-FR\",\"@id\":\"https:\\\/\\\/www.argonandco.com\\\/fr\\\/christophe-durcudoy-est-nomme-directeur-general-du-bureau-francais-du-cabinet-argon-co\\\/#primaryimage\",\"url\":\"https:\\\/\\\/www.argonandco.com\\\/wp-content\\\/uploads\\\/2023\\\/02\\\/argon_and_co_press_release_C_Durcudoy.png\",\"contentUrl\":\"https:\\\/\\\/www.argonandco.com\\\/wp-content\\\/uploads\\\/2023\\\/02\\\/argon_and_co_press_release_C_Durcudoy.png\",\"width\":2320,\"height\":1160},{\"@type\":\"BreadcrumbList\",\"@id\":\"https:\\\/\\\/www.argonandco.com\\\/fr\\\/christophe-durcudoy-est-nomme-directeur-general-du-bureau-francais-du-cabinet-argon-co\\\/#breadcrumb\",\"itemListElement\":[{\"@type\":\"ListItem\",\"position\":1,\"name\":\"Home\",\"item\":\"https:\\\/\\\/www.argonandco.com\\\/fr\\\/\"},{\"@type\":\"ListItem\",\"position\":2,\"name\":\"Christophe Durcudoy est nomm\u00e9 Directeur G\u00e9n\u00e9ral du bureau fran\u00e7ais du cabinet Argon &#038; Co\"}]},{\"@type\":\"WebSite\",\"@id\":\"https:\\\/\\\/www.argonandco.com\\\/fr\\\/#website\",\"url\":\"https:\\\/\\\/www.argonandco.com\\\/fr\\\/\",\"name\":\"Argon &amp; Co\",\"description\":\"We help clients achieve their strategic and operational objectives, working together to transform their businesses and generate real change.\",\"potentialAction\":[{\"@type\":\"SearchAction\",\"target\":{\"@type\":\"EntryPoint\",\"urlTemplate\":\"https:\\\/\\\/www.argonandco.com\\\/fr\\\/?s={search_term_string}\"},\"query-input\":{\"@type\":\"PropertyValueSpecification\",\"valueRequired\":true,\"valueName\":\"search_term_string\"}}],\"inLanguage\":\"fr-FR\"},{\"@type\":\"Person\",\"@id\":\"https:\\\/\\\/www.argonandco.com\\\/fr\\\/#\\\/schema\\\/person\\\/51f44816b169b6dd143f304af1725b6b\",\"name\":\"admin@twk\",\"image\":{\"@type\":\"ImageObject\",\"inLanguage\":\"fr-FR\",\"@id\":\"https:\\\/\\\/secure.gravatar.com\\\/avatar\\\/f42fd03c07ce4b955753a41d55005389144e8980541439c9f9ae5ce7fb04219b?s=96&d=mm&r=g\",\"url\":\"https:\\\/\\\/secure.gravatar.com\\\/avatar\\\/f42fd03c07ce4b955753a41d55005389144e8980541439c9f9ae5ce7fb04219b?s=96&d=mm&r=g\",\"contentUrl\":\"https:\\\/\\\/secure.gravatar.com\\\/avatar\\\/f42fd03c07ce4b955753a41d55005389144e8980541439c9f9ae5ce7fb04219b?s=96&d=mm&r=g\",\"caption\":\"admin@twk\"}}]}<\/script>\n<!-- \/ Yoast SEO plugin. -->","yoast_head_json":{"title":"Christophe Durcudoy est nomm\u00e9 Directeur G\u00e9n\u00e9ral du bureau fran\u00e7ais du cabinet Argon & Co - Argon &amp; Co","robots":{"index":"index","follow":"follow","max-snippet":"max-snippet:-1","max-image-preview":"max-image-preview:large","max-video-preview":"max-video-preview:-1"},"canonical":"https:\/\/www.argonandco.com\/fr\/christophe-durcudoy-est-nomme-directeur-general-du-bureau-francais-du-cabinet-argon-co\/","og_locale":"fr_FR","og_type":"article","og_title":"Christophe Durcudoy est nomm\u00e9 Directeur G\u00e9n\u00e9ral du bureau fran\u00e7ais du cabinet Argon & Co - Argon &amp; Co","og_description":"Paris, le 24 F\u00e9vrier 2023 Argon &amp; Co, cabinet de conseil en management sp\u00e9cialis\u00e9 dans la strat\u00e9gie et la transformation des op\u00e9rations, fait \u00e9voluer sa gouvernance et annonce la nomination de Christophe Durcudoy en tant que Directeur G\u00e9n\u00e9ral France, en remplacement de Fabrice Bonneau. Dipl\u00f4m\u00e9 d\u2019HEC, Christophe Durcudoy a rejoint Argon &amp; Co en 2013 [&hellip;]","og_url":"https:\/\/www.argonandco.com\/fr\/christophe-durcudoy-est-nomme-directeur-general-du-bureau-francais-du-cabinet-argon-co\/","og_site_name":"Argon &amp; Co","article_published_time":"2023-02-21T13:17:35+00:00","article_modified_time":"2023-02-24T14:33:42+00:00","og_image":[{"width":2320,"height":1160,"url":"https:\/\/www.argonandco.com\/wp-content\/uploads\/2023\/02\/argon_and_co_press_release_C_Durcudoy.png","type":"image\/png"}],"author":"admin@twk","twitter_card":"summary_large_image","twitter_misc":{"\u00c9crit par":"admin@twk","Dur\u00e9e de lecture estim\u00e9e":"3 minutes"},"schema":{"@context":"https:\/\/schema.org","@graph":[{"@type":"Article","@id":"https:\/\/www.argonandco.com\/fr\/christophe-durcudoy-est-nomme-directeur-general-du-bureau-francais-du-cabinet-argon-co\/#article","isPartOf":{"@id":"https:\/\/www.argonandco.com\/fr\/christophe-durcudoy-est-nomme-directeur-general-du-bureau-francais-du-cabinet-argon-co\/"},"author":{"name":"admin@twk","@id":"https:\/\/www.argonandco.com\/fr\/#\/schema\/person\/51f44816b169b6dd143f304af1725b6b"},"headline":"Christophe Durcudoy est nomm\u00e9 Directeur G\u00e9n\u00e9ral du bureau fran\u00e7ais du cabinet Argon &#038; Co","datePublished":"2023-02-21T13:17:35+00:00","dateModified":"2023-02-24T14:33:42+00:00","mainEntityOfPage":{"@id":"https:\/\/www.argonandco.com\/fr\/christophe-durcudoy-est-nomme-directeur-general-du-bureau-francais-du-cabinet-argon-co\/"},"wordCount":683,"image":{"@id":"https:\/\/www.argonandco.com\/fr\/christophe-durcudoy-est-nomme-directeur-general-du-bureau-francais-du-cabinet-argon-co\/#primaryimage"},"thumbnailUrl":"https:\/\/www.argonandco.com\/wp-content\/uploads\/2023\/02\/argon_and_co_press_release_C_Durcudoy.png","articleSection":["Non classifi\u00e9(e)"],"inLanguage":"fr-FR"},{"@type":"WebPage","@id":"https:\/\/www.argonandco.com\/fr\/christophe-durcudoy-est-nomme-directeur-general-du-bureau-francais-du-cabinet-argon-co\/","url":"https:\/\/www.argonandco.com\/fr\/christophe-durcudoy-est-nomme-directeur-general-du-bureau-francais-du-cabinet-argon-co\/","name":"Christophe Durcudoy est nomm\u00e9 Directeur G\u00e9n\u00e9ral du bureau fran\u00e7ais du cabinet Argon & Co - Argon &amp; Co","isPartOf":{"@id":"https:\/\/www.argonandco.com\/fr\/#website"},"primaryImageOfPage":{"@id":"https:\/\/www.argonandco.com\/fr\/christophe-durcudoy-est-nomme-directeur-general-du-bureau-francais-du-cabinet-argon-co\/#primaryimage"},"image":{"@id":"https:\/\/www.argonandco.com\/fr\/christophe-durcudoy-est-nomme-directeur-general-du-bureau-francais-du-cabinet-argon-co\/#primaryimage"},"thumbnailUrl":"https:\/\/www.argonandco.com\/wp-content\/uploads\/2023\/02\/argon_and_co_press_release_C_Durcudoy.png","datePublished":"2023-02-21T13:17:35+00:00","dateModified":"2023-02-24T14:33:42+00:00","author":{"@id":"https:\/\/www.argonandco.com\/fr\/#\/schema\/person\/51f44816b169b6dd143f304af1725b6b"},"breadcrumb":{"@id":"https:\/\/www.argonandco.com\/fr\/christophe-durcudoy-est-nomme-directeur-general-du-bureau-francais-du-cabinet-argon-co\/#breadcrumb"},"inLanguage":"fr-FR","potentialAction":[{"@type":"ReadAction","target":["https:\/\/www.argonandco.com\/fr\/christophe-durcudoy-est-nomme-directeur-general-du-bureau-francais-du-cabinet-argon-co\/"]}]},{"@type":"ImageObject","inLanguage":"fr-FR","@id":"https:\/\/www.argonandco.com\/fr\/christophe-durcudoy-est-nomme-directeur-general-du-bureau-francais-du-cabinet-argon-co\/#primaryimage","url":"https:\/\/www.argonandco.com\/wp-content\/uploads\/2023\/02\/argon_and_co_press_release_C_Durcudoy.png","contentUrl":"https:\/\/www.argonandco.com\/wp-content\/uploads\/2023\/02\/argon_and_co_press_release_C_Durcudoy.png","width":2320,"height":1160},{"@type":"BreadcrumbList","@id":"https:\/\/www.argonandco.com\/fr\/christophe-durcudoy-est-nomme-directeur-general-du-bureau-francais-du-cabinet-argon-co\/#breadcrumb","itemListElement":[{"@type":"ListItem","position":1,"name":"Home","item":"https:\/\/www.argonandco.com\/fr\/"},{"@type":"ListItem","position":2,"name":"Christophe Durcudoy est nomm\u00e9 Directeur G\u00e9n\u00e9ral du bureau fran\u00e7ais du cabinet Argon &#038; Co"}]},{"@type":"WebSite","@id":"https:\/\/www.argonandco.com\/fr\/#website","url":"https:\/\/www.argonandco.com\/fr\/","name":"Argon &amp; Co","description":"We help clients achieve their strategic and operational objectives, working together to transform their businesses and generate real change.","potentialAction":[{"@type":"SearchAction","target":{"@type":"EntryPoint","urlTemplate":"https:\/\/www.argonandco.com\/fr\/?s={search_term_string}"},"query-input":{"@type":"PropertyValueSpecification","valueRequired":true,"valueName":"search_term_string"}}],"inLanguage":"fr-FR"},{"@type":"Person","@id":"https:\/\/www.argonandco.com\/fr\/#\/schema\/person\/51f44816b169b6dd143f304af1725b6b","name":"admin@twk","image":{"@type":"ImageObject","inLanguage":"fr-FR","@id":"https:\/\/secure.gravatar.com\/avatar\/f42fd03c07ce4b955753a41d55005389144e8980541439c9f9ae5ce7fb04219b?s=96&d=mm&r=g","url":"https:\/\/secure.gravatar.com\/avatar\/f42fd03c07ce4b955753a41d55005389144e8980541439c9f9ae5ce7fb04219b?s=96&d=mm&r=g","contentUrl":"https:\/\/secure.gravatar.com\/avatar\/f42fd03c07ce4b955753a41d55005389144e8980541439c9f9ae5ce7fb04219b?s=96&d=mm&r=g","caption":"admin@twk"}}]}},"_links":{"self":[{"href":"https:\/\/www.argonandco.com\/fr\/wp-json\/wp\/v2\/posts\/23040","targetHints":{"allow":["GET"]}}],"collection":[{"href":"https:\/\/www.argonandco.com\/fr\/wp-json\/wp\/v2\/posts"}],"about":[{"href":"https:\/\/www.argonandco.com\/fr\/wp-json\/wp\/v2\/types\/post"}],"author":[{"embeddable":true,"href":"https:\/\/www.argonandco.com\/fr\/wp-json\/wp\/v2\/users\/1"}],"replies":[{"embeddable":true,"href":"https:\/\/www.argonandco.com\/fr\/wp-json\/wp\/v2\/comments?post=23040"}],"version-history":[{"count":0,"href":"https:\/\/www.argonandco.com\/fr\/wp-json\/wp\/v2\/posts\/23040\/revisions"}],"wp:featuredmedia":[{"embeddable":true,"href":"https:\/\/www.argonandco.com\/fr\/wp-json\/wp\/v2\/media\/23052"}],"wp:attachment":[{"href":"https:\/\/www.argonandco.com\/fr\/wp-json\/wp\/v2\/media?parent=23040"}],"wp:term":[{"taxonomy":"category","embeddable":true,"href":"https:\/\/www.argonandco.com\/fr\/wp-json\/wp\/v2\/categories?post=23040"},{"taxonomy":"post_tag","embeddable":true,"href":"https:\/\/www.argonandco.com\/fr\/wp-json\/wp\/v2\/tags?post=23040"}],"curies":[{"name":"wp","href":"https:\/\/api.w.org\/{rel}","templated":true}]}}