{"id":30111,"date":"2025-01-09T16:54:32","date_gmt":"2025-01-09T16:54:32","guid":{"rendered":"https:\/\/www.argonandco.com\/?post_type=article&#038;p=30111"},"modified":"2025-01-09T16:54:32","modified_gmt":"2025-01-09T16:54:32","slug":"conference-de-fabrice-bonneau-a-supply-chain-event-decarbonation-etendre-le-scope-au-dela-du-transport","status":"publish","type":"article","link":"https:\/\/www.argonandco.com\/fr\/news-insights\/articles\/conference-de-fabrice-bonneau-a-supply-chain-event-decarbonation-etendre-le-scope-au-dela-du-transport\/","title":{"rendered":"Conf\u00e9rence de Fabrice Bonneau \u00e0 Supply Chain Event \u00ab\u00a0D\u00e9carbonation: \u00e9tendre le scope au-del\u00e0 du transport\u00a0\u00bb"},"content":{"rendered":"<p>Le champ d\u2019action de la direction Supply Chain au sein des entreprises s\u2019est consid\u00e9rablement \u00e9tendu ces derni\u00e8res ann\u00e9es.<\/p>\n<p>M\u00eame si leur c\u0153ur de m\u00e9tier est rest\u00e9 le m\u00eame, les responsables Supply Chain sont d\u00e9sormais impliqu\u00e9s en premier lieu dans les chantiers IA, d\u00e9carbonation, conformit\u00e9 r\u00e9glementaire, gestion des risques et \u00e9conomie circulaire.<\/p>\n<p>Quelles sont les bonnes pratiques, individuelles ou collectives, et les exemples concrets pour passer \u00e0 l\u2019action ?<\/p>\n<p>Ce sont les questions auxquelles ont r\u00e9pondu Fabrice Bonneau, Associ\u00e9 fondateur Argon &amp; Co et Yann de Feraudy, pr\u00e9sident de France Supply Chain, lors de leur conf\u00e9rence sur le salon Supply Chain Event intitul\u00e9e \u00ab\u00a0D\u00e9carbonation: \u00e9tendre le scope au-del\u00e0 du transport\u201d<strong>. <\/strong>Ils ont abord\u00e9 ces questions \u00e0 travers 5 th\u00e9matiques\u00a0:<\/p>\n<ul>\n<li><strong>La d\u00e9carbonation \u00e9tendue<\/strong> au-del\u00e0\u00a0 du scope du transport\u00a0: comme, par exemple,\u00a0 sur la largeur de gammes de produits<\/li>\n<li><strong>L\u2019\u00e9conomie circulaire<\/strong>\u00a0comme une contrainte mais aussi un levier de transformation et la n\u00e9cessit\u00e9 de repenser les business model\u00e9s pour la mettre en place<\/li>\n<li>La <strong>conformit\u00e9 et la r\u00e9glementation<\/strong> comme levier de transformation dont la CSRD et la loi AGEC<\/li>\n<li><strong>La gestion de risques<\/strong> : avec la pand\u00e9mie comme d\u00e9clencheur, une gestion de crise plus industrielle est d\u00e9sormais incontournable, int\u00e9grant des sc\u00e9narios pour les risques climatiques, cybers s\u00e9curitaires et soci\u00e9taux<\/li>\n<li><strong>L\u2019Intelligence Artificielle<\/strong> : Comment son utilisation permet-elle de faire levier et, \u00e0 travers la structuration de donn\u00e9es non structur\u00e9es, d\u2019isoler des indicateurs permettant de pr\u00e9voir le risque en Supply Chain.<\/li>\n<\/ul>\n<p>Pour celles et ceux qui n\u2019ont pas pu suivre cette conf\u00e9rence, un replay est disponible pour d\u00e9couvrir les actions concr\u00e8tes et innovations partag\u00e9es durant cette conf\u00e9rence : \u00e0 voir pour une vision compl\u00e8te des enjeux et solutions de la supply chain durable !<\/p>\n<p>&nbsp;<\/p>\n<p style=\"text-align: center;\"><iframe loading=\"lazy\" title=\"YouTube video player\" src=\"\/\/www.youtube.com\/embed\/L_wD8jLFGu0?si=o-Qu42B6LM5rqEKX\" width=\"560\" height=\"315\" frameborder=\"0\" allowfullscreen=\"allowfullscreen\"><\/iframe><\/p>\n<p>&nbsp;<\/p>\n<p>En savoir plus sur <a href=\"https:\/\/www.argonandco.com\/fr\/expertises\/supply-chain-planning\/\">notre offre Supply Chain Planning<\/a><\/p>\n","protected":false},"featured_media":30112,"template":"","categories":[],"class_list":["post-30111","article","type-article","status-publish","has-post-thumbnail","hentry"],"acf":[],"yoast_head":"<!-- This site is optimized with the Yoast SEO plugin v27.4 - https:\/\/yoast.com\/product\/yoast-seo-wordpress\/ -->\n<title>Conf\u00e9rence de Fabrice Bonneau \u00e0 Supply Chain Event &quot;D\u00e9carbonation: \u00e9tendre le scope au-del\u00e0 du transport&quot; - Argon &amp; Co<\/title>\n<meta name=\"robots\" content=\"index, follow, max-snippet:-1, max-image-preview:large, max-video-preview:-1\" \/>\n<link rel=\"canonical\" href=\"https:\/\/www.argonandco.com\/fr\/news-insights\/articles\/conference-de-fabrice-bonneau-a-supply-chain-event-decarbonation-etendre-le-scope-au-dela-du-transport\/\" \/>\n<meta property=\"og:locale\" content=\"fr_FR\" \/>\n<meta property=\"og:type\" content=\"article\" \/>\n<meta property=\"og:title\" content=\"Conf\u00e9rence de Fabrice Bonneau \u00e0 Supply Chain Event &quot;D\u00e9carbonation: \u00e9tendre le scope au-del\u00e0 du transport&quot; - Argon &amp; Co\" \/>\n<meta property=\"og:description\" content=\"Le champ d\u2019action de la direction Supply Chain au sein des entreprises s\u2019est consid\u00e9rablement \u00e9tendu ces derni\u00e8res ann\u00e9es. M\u00eame si leur c\u0153ur de m\u00e9tier est rest\u00e9 le m\u00eame, les responsables Supply Chain sont d\u00e9sormais impliqu\u00e9s en premier lieu dans les chantiers IA, d\u00e9carbonation, conformit\u00e9 r\u00e9glementaire, gestion des risques et \u00e9conomie circulaire. Quelles sont les bonnes [&hellip;]\" \/>\n<meta property=\"og:url\" content=\"https:\/\/www.argonandco.com\/fr\/news-insights\/articles\/conference-de-fabrice-bonneau-a-supply-chain-event-decarbonation-etendre-le-scope-au-dela-du-transport\/\" \/>\n<meta property=\"og:site_name\" content=\"Argon &amp; Co\" \/>\n<meta property=\"og:image\" content=\"https:\/\/www.argonandco.com\/wp-content\/uploads\/2025\/01\/Fabrice-Bonneau-et-Yann-de-Feraudy-a-Supply-Chain-Event.jpg\" \/>\n\t<meta property=\"og:image:width\" content=\"1955\" \/>\n\t<meta property=\"og:image:height\" content=\"1303\" \/>\n\t<meta property=\"og:image:type\" content=\"image\/jpeg\" \/>\n<meta name=\"twitter:card\" content=\"summary_large_image\" \/>\n<meta name=\"twitter:label1\" content=\"Dur\u00e9e de lecture estim\u00e9e\" \/>\n\t<meta name=\"twitter:data1\" content=\"2 minutes\" \/>\n<script type=\"application\/ld+json\" class=\"yoast-schema-graph\">{\"@context\":\"https:\\\/\\\/schema.org\",\"@graph\":[{\"@type\":\"WebPage\",\"@id\":\"https:\\\/\\\/www.argonandco.com\\\/fr\\\/news-insights\\\/articles\\\/conference-de-fabrice-bonneau-a-supply-chain-event-decarbonation-etendre-le-scope-au-dela-du-transport\\\/\",\"url\":\"https:\\\/\\\/www.argonandco.com\\\/fr\\\/news-insights\\\/articles\\\/conference-de-fabrice-bonneau-a-supply-chain-event-decarbonation-etendre-le-scope-au-dela-du-transport\\\/\",\"name\":\"Conf\u00e9rence de Fabrice Bonneau \u00e0 Supply Chain Event \\\"D\u00e9carbonation: \u00e9tendre le scope au-del\u00e0 du transport\\\" - Argon &amp; Co\",\"isPartOf\":{\"@id\":\"https:\\\/\\\/www.argonandco.com\\\/fr\\\/#website\"},\"primaryImageOfPage\":{\"@id\":\"https:\\\/\\\/www.argonandco.com\\\/fr\\\/news-insights\\\/articles\\\/conference-de-fabrice-bonneau-a-supply-chain-event-decarbonation-etendre-le-scope-au-dela-du-transport\\\/#primaryimage\"},\"image\":{\"@id\":\"https:\\\/\\\/www.argonandco.com\\\/fr\\\/news-insights\\\/articles\\\/conference-de-fabrice-bonneau-a-supply-chain-event-decarbonation-etendre-le-scope-au-dela-du-transport\\\/#primaryimage\"},\"thumbnailUrl\":\"https:\\\/\\\/www.argonandco.com\\\/wp-content\\\/uploads\\\/2025\\\/01\\\/Fabrice-Bonneau-et-Yann-de-Feraudy-a-Supply-Chain-Event.jpg\",\"datePublished\":\"2025-01-09T16:54:32+00:00\",\"breadcrumb\":{\"@id\":\"https:\\\/\\\/www.argonandco.com\\\/fr\\\/news-insights\\\/articles\\\/conference-de-fabrice-bonneau-a-supply-chain-event-decarbonation-etendre-le-scope-au-dela-du-transport\\\/#breadcrumb\"},\"inLanguage\":\"fr-FR\",\"potentialAction\":[{\"@type\":\"ReadAction\",\"target\":[\"https:\\\/\\\/www.argonandco.com\\\/fr\\\/news-insights\\\/articles\\\/conference-de-fabrice-bonneau-a-supply-chain-event-decarbonation-etendre-le-scope-au-dela-du-transport\\\/\"]}]},{\"@type\":\"ImageObject\",\"inLanguage\":\"fr-FR\",\"@id\":\"https:\\\/\\\/www.argonandco.com\\\/fr\\\/news-insights\\\/articles\\\/conference-de-fabrice-bonneau-a-supply-chain-event-decarbonation-etendre-le-scope-au-dela-du-transport\\\/#primaryimage\",\"url\":\"https:\\\/\\\/www.argonandco.com\\\/wp-content\\\/uploads\\\/2025\\\/01\\\/Fabrice-Bonneau-et-Yann-de-Feraudy-a-Supply-Chain-Event.jpg\",\"contentUrl\":\"https:\\\/\\\/www.argonandco.com\\\/wp-content\\\/uploads\\\/2025\\\/01\\\/Fabrice-Bonneau-et-Yann-de-Feraudy-a-Supply-Chain-Event.jpg\",\"width\":1955,\"height\":1303},{\"@type\":\"BreadcrumbList\",\"@id\":\"https:\\\/\\\/www.argonandco.com\\\/fr\\\/news-insights\\\/articles\\\/conference-de-fabrice-bonneau-a-supply-chain-event-decarbonation-etendre-le-scope-au-dela-du-transport\\\/#breadcrumb\",\"itemListElement\":[{\"@type\":\"ListItem\",\"position\":1,\"name\":\"Home\",\"item\":\"https:\\\/\\\/www.argonandco.com\\\/fr\\\/\"},{\"@type\":\"ListItem\",\"position\":2,\"name\":\"Articles\",\"item\":\"https:\\\/\\\/www.argonandco.com\\\/fr\\\/news-insights\\\/articles\\\/\"},{\"@type\":\"ListItem\",\"position\":3,\"name\":\"Conf\u00e9rence de Fabrice Bonneau \u00e0 Supply Chain Event &#8220;D\u00e9carbonation: \u00e9tendre le scope au-del\u00e0 du transport&#8221;\"}]},{\"@type\":\"WebSite\",\"@id\":\"https:\\\/\\\/www.argonandco.com\\\/fr\\\/#website\",\"url\":\"https:\\\/\\\/www.argonandco.com\\\/fr\\\/\",\"name\":\"Argon &amp; Co\",\"description\":\"We help clients achieve their strategic and operational objectives, working together to transform their businesses and generate real change.\",\"potentialAction\":[{\"@type\":\"SearchAction\",\"target\":{\"@type\":\"EntryPoint\",\"urlTemplate\":\"https:\\\/\\\/www.argonandco.com\\\/fr\\\/?s={search_term_string}\"},\"query-input\":{\"@type\":\"PropertyValueSpecification\",\"valueRequired\":true,\"valueName\":\"search_term_string\"}}],\"inLanguage\":\"fr-FR\"}]}<\/script>\n<!-- \/ Yoast SEO plugin. -->","yoast_head_json":{"title":"Conf\u00e9rence de Fabrice Bonneau \u00e0 Supply Chain Event \"D\u00e9carbonation: \u00e9tendre le scope au-del\u00e0 du transport\" - Argon &amp; Co","robots":{"index":"index","follow":"follow","max-snippet":"max-snippet:-1","max-image-preview":"max-image-preview:large","max-video-preview":"max-video-preview:-1"},"canonical":"https:\/\/www.argonandco.com\/fr\/news-insights\/articles\/conference-de-fabrice-bonneau-a-supply-chain-event-decarbonation-etendre-le-scope-au-dela-du-transport\/","og_locale":"fr_FR","og_type":"article","og_title":"Conf\u00e9rence de Fabrice Bonneau \u00e0 Supply Chain Event \"D\u00e9carbonation: \u00e9tendre le scope au-del\u00e0 du transport\" - Argon &amp; Co","og_description":"Le champ d\u2019action de la direction Supply Chain au sein des entreprises s\u2019est consid\u00e9rablement \u00e9tendu ces derni\u00e8res ann\u00e9es. M\u00eame si leur c\u0153ur de m\u00e9tier est rest\u00e9 le m\u00eame, les responsables Supply Chain sont d\u00e9sormais impliqu\u00e9s en premier lieu dans les chantiers IA, d\u00e9carbonation, conformit\u00e9 r\u00e9glementaire, gestion des risques et \u00e9conomie circulaire. Quelles sont les bonnes [&hellip;]","og_url":"https:\/\/www.argonandco.com\/fr\/news-insights\/articles\/conference-de-fabrice-bonneau-a-supply-chain-event-decarbonation-etendre-le-scope-au-dela-du-transport\/","og_site_name":"Argon &amp; Co","og_image":[{"width":1955,"height":1303,"url":"https:\/\/www.argonandco.com\/wp-content\/uploads\/2025\/01\/Fabrice-Bonneau-et-Yann-de-Feraudy-a-Supply-Chain-Event.jpg","type":"image\/jpeg"}],"twitter_card":"summary_large_image","twitter_misc":{"Dur\u00e9e de lecture estim\u00e9e":"2 minutes"},"schema":{"@context":"https:\/\/schema.org","@graph":[{"@type":"WebPage","@id":"https:\/\/www.argonandco.com\/fr\/news-insights\/articles\/conference-de-fabrice-bonneau-a-supply-chain-event-decarbonation-etendre-le-scope-au-dela-du-transport\/","url":"https:\/\/www.argonandco.com\/fr\/news-insights\/articles\/conference-de-fabrice-bonneau-a-supply-chain-event-decarbonation-etendre-le-scope-au-dela-du-transport\/","name":"Conf\u00e9rence de Fabrice Bonneau \u00e0 Supply Chain Event \"D\u00e9carbonation: \u00e9tendre le scope au-del\u00e0 du transport\" - Argon &amp; Co","isPartOf":{"@id":"https:\/\/www.argonandco.com\/fr\/#website"},"primaryImageOfPage":{"@id":"https:\/\/www.argonandco.com\/fr\/news-insights\/articles\/conference-de-fabrice-bonneau-a-supply-chain-event-decarbonation-etendre-le-scope-au-dela-du-transport\/#primaryimage"},"image":{"@id":"https:\/\/www.argonandco.com\/fr\/news-insights\/articles\/conference-de-fabrice-bonneau-a-supply-chain-event-decarbonation-etendre-le-scope-au-dela-du-transport\/#primaryimage"},"thumbnailUrl":"https:\/\/www.argonandco.com\/wp-content\/uploads\/2025\/01\/Fabrice-Bonneau-et-Yann-de-Feraudy-a-Supply-Chain-Event.jpg","datePublished":"2025-01-09T16:54:32+00:00","breadcrumb":{"@id":"https:\/\/www.argonandco.com\/fr\/news-insights\/articles\/conference-de-fabrice-bonneau-a-supply-chain-event-decarbonation-etendre-le-scope-au-dela-du-transport\/#breadcrumb"},"inLanguage":"fr-FR","potentialAction":[{"@type":"ReadAction","target":["https:\/\/www.argonandco.com\/fr\/news-insights\/articles\/conference-de-fabrice-bonneau-a-supply-chain-event-decarbonation-etendre-le-scope-au-dela-du-transport\/"]}]},{"@type":"ImageObject","inLanguage":"fr-FR","@id":"https:\/\/www.argonandco.com\/fr\/news-insights\/articles\/conference-de-fabrice-bonneau-a-supply-chain-event-decarbonation-etendre-le-scope-au-dela-du-transport\/#primaryimage","url":"https:\/\/www.argonandco.com\/wp-content\/uploads\/2025\/01\/Fabrice-Bonneau-et-Yann-de-Feraudy-a-Supply-Chain-Event.jpg","contentUrl":"https:\/\/www.argonandco.com\/wp-content\/uploads\/2025\/01\/Fabrice-Bonneau-et-Yann-de-Feraudy-a-Supply-Chain-Event.jpg","width":1955,"height":1303},{"@type":"BreadcrumbList","@id":"https:\/\/www.argonandco.com\/fr\/news-insights\/articles\/conference-de-fabrice-bonneau-a-supply-chain-event-decarbonation-etendre-le-scope-au-dela-du-transport\/#breadcrumb","itemListElement":[{"@type":"ListItem","position":1,"name":"Home","item":"https:\/\/www.argonandco.com\/fr\/"},{"@type":"ListItem","position":2,"name":"Articles","item":"https:\/\/www.argonandco.com\/fr\/news-insights\/articles\/"},{"@type":"ListItem","position":3,"name":"Conf\u00e9rence de Fabrice Bonneau \u00e0 Supply Chain Event &#8220;D\u00e9carbonation: \u00e9tendre le scope au-del\u00e0 du transport&#8221;"}]},{"@type":"WebSite","@id":"https:\/\/www.argonandco.com\/fr\/#website","url":"https:\/\/www.argonandco.com\/fr\/","name":"Argon &amp; Co","description":"We help clients achieve their strategic and operational objectives, working together to transform their businesses and generate real change.","potentialAction":[{"@type":"SearchAction","target":{"@type":"EntryPoint","urlTemplate":"https:\/\/www.argonandco.com\/fr\/?s={search_term_string}"},"query-input":{"@type":"PropertyValueSpecification","valueRequired":true,"valueName":"search_term_string"}}],"inLanguage":"fr-FR"}]}},"_links":{"self":[{"href":"https:\/\/www.argonandco.com\/fr\/wp-json\/wp\/v2\/article\/30111","targetHints":{"allow":["GET"]}}],"collection":[{"href":"https:\/\/www.argonandco.com\/fr\/wp-json\/wp\/v2\/article"}],"about":[{"href":"https:\/\/www.argonandco.com\/fr\/wp-json\/wp\/v2\/types\/article"}],"version-history":[{"count":0,"href":"https:\/\/www.argonandco.com\/fr\/wp-json\/wp\/v2\/article\/30111\/revisions"}],"wp:featuredmedia":[{"embeddable":true,"href":"https:\/\/www.argonandco.com\/fr\/wp-json\/wp\/v2\/media\/30112"}],"wp:attachment":[{"href":"https:\/\/www.argonandco.com\/fr\/wp-json\/wp\/v2\/media?parent=30111"}],"wp:term":[{"taxonomy":"category","embeddable":true,"href":"https:\/\/www.argonandco.com\/fr\/wp-json\/wp\/v2\/categories?post=30111"}],"curies":[{"name":"wp","href":"https:\/\/api.w.org\/{rel}","templated":true}]}}